{"id":58,"date":"2017-08-05T10:00:42","date_gmt":"2017-08-05T10:00:42","guid":{"rendered":"https:\/\/www.viverssalicru.cat\/?p=58"},"modified":"2026-03-02T10:27:08","modified_gmt":"2026-03-02T09:27:08","slug":"diari-de-girona-economia-si-tractes-la-terra-como-un-esser-viu-et-donara-molt","status":"publish","type":"post","link":"https:\/\/www.viverssalicru.cat\/es\/diari-de-girona-economia-si-tractes-la-terra-como-un-esser-viu-et-donara-molt\/","title":{"rendered":"Diari de Girona &#8211; Economia &#8211; Si tractes la terra como un \u00e9sser viu et donara molt &#8230;"},"content":{"rendered":"<p><strong>Si tractes la terra com un \u00e9sser viu et donar\u00e0 molt, per\u00f2 cal posar-hi esfor\u00e7<\/strong><\/p>\n<p>L&#8217;origen de la biodin\u00e0mica s&#8217;atribueix al fil\u00f2sof Rudolf Steiner. Per tenir un conreu certificat com a biodin\u00e0mic cal l&#8217;acreditaci\u00f3 Demeter; a Espanya hi ha 130 empreses acreditades.<\/p>\n<p><strong>Joan Salicr\u00fa<\/strong> \u00e9s un home de camp. Mai millor dit, ja que viu al costat del seu viver, en un punt indeterminat entre la muntanya del Montseny i el Montnegre. Els vivers Salicr\u00fa comencen fa 20 anys, quan un jove enginyer t\u00e8cnic agr\u00edcola va fer un treball de final de carrera que es convertiria en el seu futur negoci. Va comen\u00e7ar com una plantaci\u00f3 d&#8217;arbres, per\u00f2 amb l&#8217;esclat de la crisi del 2008 va sorgir la necessitat de diversificar el negoci i explorar altres \u00e0rees de l&#8217;agricultura. Aleshores va comen\u00e7ar amb cultius ecol\u00f2gics i despr\u00e9s va descobrir la biodin\u00e0mica.<\/p>\n<p><strong>Qu\u00e8 \u00e9s l&#8217;agricultura biodin\u00e0mica?<\/strong><br \/>\n\u00c9s la interacci\u00f3 entre el cosmos, la terra i tot el que envolta l&#8217;hort. \u00c9s a dir, la relaci\u00f3 entre les plantes que envolten els conreus, els planetes, la lluna i les constel\u00b7lacions. De manera que tot el que es cull t\u00e9 la m\u00e0xima vitalitat.<\/p>\n<p><strong>Qu\u00e8 vol dir aix\u00f2?<\/strong><br \/>\nDoncs vol dir que a la verdura convencional, si cada plaga que tens li apliques un producte, aquella verdura perd vitalitat. La verdura ecol\u00f2gica pot ser una verdura sana, per\u00f2 no tindr\u00e0 gust perqu\u00e8 li apliquen insecticida ecol\u00f2gic cada vegada que t\u00e9 pug\u00f3 (petits insectes que ataquen els horts).<\/p>\n<p>Per\u00f2 la verdura ecol\u00f2gica no t\u00e9 qu\u00edmics&#8230;<\/p>\n<p>Cert. Per\u00f2 no t\u00e9 gust. En canvi la verdura biodin\u00e0mica, com que crees un ecopaisatge al voltant de l&#8217;hort de manera que les plantes que li agraden al pug\u00f3 estan integrades a l&#8217;hort, fa que les plagues vagin cap a aquestes plantes en comptes d&#8217;anar cap a les tomaqueres. Com que pr\u00e0cticament no s&#8217;ha de fer res, la verdura \u00e9s molt bona i dura m\u00e9s.<\/p>\n<p><strong>Quin origen t\u00e9 la paraula \u00abbiodin\u00e0mica\u00bb?<\/strong><br \/>\nBio vol dir vida i dinamis \u00e9s la part m\u00e9s espiritual, el cosmos. Si no treball\u00e9s seguint els dies de plantaci\u00f3, les plantes no tindrien aquesta resist\u00e8ncia a les plagues i no serien tan vives com s\u00f3n. M\u00e9s que una religi\u00f3 \u00e9s una ci\u00e8ncia espiritual.<\/p>\n<p><strong>Una ci\u00e8ncia espiritual?<\/strong><br \/>\nS\u00ed. Entenem que hi ha el m\u00f3n f\u00edsic, on som ara. I el m\u00f3n suprasensible, espiritual. El cosmos. Per\u00f2 no com a religi\u00f3, la part c\u00f2smica.<\/p>\n<p><strong>Com s&#8217;aplica aix\u00f2 a la granja?<\/strong><br \/>\nLa biodin\u00e0mica a l&#8217;hort implica quatre elements: la part f\u00edsica, que \u00e9s la terra, la part et\u00e8ria, que s\u00f3n els vegetals, la part astral, que s\u00f3n els animals i el jo, que \u00e9s la persona. Els animals s\u00f3n fonamentals, jo per exemple tinc vaques.<\/p>\n<p><strong>S\u00f3n molt importants?<\/strong><br \/>\nS\u00ed. Per\u00f2 han de tenir banyes, perqu\u00e8 les banyes capten l&#8217;energia del cosmos. La vaca en si, \u00e9s un cosmos que interactua amb els set planetes que es treballen en biodin\u00e0mica. Pensa que mengen tot all\u00f2 de l&#8217;hort, aleshores el compostatge \u00e9s m\u00e9s bo. A m\u00e9s a m\u00e9s, em netegen el bosc i ens protegeixen energ\u00e8ticament. Els noms que poses als animals s\u00f3n molt importants.<\/p>\n<p><strong>Els noms que els poses?<\/strong><br \/>\n\u00c9s clar. Si tu treballes amb les flors, \u00e9s l\u00f2gic que li posis flora a la vaca. L&#8217;art de la paraula, el que tu transmets, arriba m\u00e9s enll\u00e0.<\/p>\n<p><strong>Ha comentat que quan va comen\u00e7ar volia fer aliments, a qu\u00e8 es refereix?<\/strong><br \/>\nS\u00ed. Volia tornar a l&#8217;observaci\u00f3 de les plantes, la interacci\u00f3 entre elles, el conreu de temporada. \u00c9s una filosofia i una manera de vida. El temps \u00e9s fonamental?<\/p>\n<p>S\u00ed, seguim els cicles lunars. Per exemple, ara estem en lluna descendent i hem comen\u00e7at a plantar els porros per l&#8217;hivern. Plantem els dies assenyalats en qu\u00e8 l&#8217;energia del cosmos va cap avall, perqu\u00e8 volem que arreli.<\/p>\n<p><strong>Quines t\u00e8cniques de conreu utilitza la biodin\u00e0mica?<\/strong><br \/>\nDoncs recupera t\u00e8cniques que utilitzaven els nostres avis, com els cavallons, que aixequen la terra. Des de la biodin\u00e0mica creiem que com m\u00e9s amunt est\u00e0 la planta, m\u00e9s energia capta i millor creixen les verdures. Tamb\u00e9 utilitzem uns preparats de Rudolf Steiner.<\/p>\n<p><strong>Els nostres avis?<\/strong><br \/>\nS\u00ed, per exemple amb el tom\u00e0quet la biodin\u00e0mica fa una regressi\u00f3 de 150 anys, recupera els gustos dels rebesavis. A m\u00e9s a m\u00e9s, millora la llavor, recupera llavors antigues i \u00e9s totalment sostenible. La terra la treballo cada sis o set anys.<\/p>\n<p><strong>Quan va decidir apostar per aquesta agricultura, li va costar?<\/strong><br \/>\nEm va costar molt aprendre a seguir la natura. Has de seguir els ritmes naturals i aix\u00f2 \u00e9s un treball de molta observaci\u00f3, perqu\u00e8 has d&#8217;observar les plantes, la posici\u00f3 de les fulles, quants nervis tenen, etc. I aix\u00f2 costa, \u00e9s dif\u00edcil llegir qu\u00e8 diu la terra per plantar el cultiu corresponent. Un aliment no es fa amb insecticides ecol\u00f2gics, un aliment es fa creant un ecopaisatge al volant de la finca on tot interactu\u00ef.<\/p>\n<p><strong>Per tant, no utilitzes cap tipus de producte a l&#8217;hort?<\/strong><br \/>\nNo. Jo tinc un ecosistema creat i tan sols utilitzo bacillus amb les tomaqueres (un bacteri natural perm\u00e8s en biodin\u00e0mica). I pels fungicides, quan plou, per exemple, poso a bullir cua de cavall i ortiga i aix\u00f2 ho faig servir per als fongs, i rego amb sistema gota a gota. Res m\u00e9s. Si tractes la terra com un \u00e9sser viu et donar\u00e0 molt, per\u00f2 cal posar-hi esfor\u00e7.<\/p>\n<p>&nbsp;<\/p>\n<p><a href=\"https:\/\/www.diaridegirona.cat\/economia\/2017\/08\/05\/tractes-terra-esser-viu-et\/860454.html\">Link a la not\u00edcia<\/a><\/p>\n","protected":false},"excerpt":{"rendered":"<p>  [&#8230;]<\/p>\n","protected":false},"author":1,"featured_media":59,"comment_status":"closed","ping_status":"open","sticky":false,"template":"","format":"standard","meta":{"footnotes":""},"categories":[1],"tags":[],"class_list":["post-58","post","type-post","status-publish","format-standard","has-post-thumbnail","hentry","category-noticies-generals"],"yoast_head":"<!-- This site is optimized with the Yoast SEO plugin v27.1.1 - https:\/\/yoast.com\/product\/yoast-seo-wordpress\/ -->\n<title>Diari de Girona - Economia - Si tractes la terra como un \u00e9sser viu et donara molt ... - Vivers Salicr\u00fa<\/title>\n<meta name=\"robots\" content=\"index, follow, max-snippet:-1, max-image-preview:large, max-video-preview:-1\" \/>\n<link rel=\"canonical\" href=\"https:\/\/www.viverssalicru.cat\/es\/diari-de-girona-economia-si-tractes-la-terra-como-un-esser-viu-et-donara-molt\/\" \/>\n<meta property=\"og:locale\" content=\"es_ES\" \/>\n<meta property=\"og:type\" content=\"article\" \/>\n<meta property=\"og:title\" content=\"Diari de Girona - Economia - Si tractes la terra como un \u00e9sser viu et donara molt ... - Vivers Salicr\u00fa\" \/>\n<meta property=\"og:description\" content=\"[...]\" \/>\n<meta property=\"og:url\" content=\"https:\/\/www.viverssalicru.cat\/es\/diari-de-girona-economia-si-tractes-la-terra-como-un-esser-viu-et-donara-molt\/\" \/>\n<meta property=\"og:site_name\" content=\"Vivers Salicr\u00fa\" \/>\n<meta property=\"article:published_time\" content=\"2017-08-05T10:00:42+00:00\" \/>\n<meta property=\"article:modified_time\" content=\"2026-03-02T09:27:08+00:00\" \/>\n<meta property=\"og:image\" content=\"https:\/\/www.viverssalicru.cat\/wp-content\/uploads\/2020\/01\/DiariGirona.jpg\" \/>\n\t<meta property=\"og:image:width\" content=\"297\" \/>\n\t<meta property=\"og:image:height\" content=\"396\" \/>\n\t<meta property=\"og:image:type\" content=\"image\/jpeg\" \/>\n<meta name=\"author\" content=\"admin\" \/>\n<meta name=\"twitter:card\" content=\"summary_large_image\" \/>\n<meta name=\"twitter:label1\" content=\"Escrito por\" \/>\n\t<meta name=\"twitter:data1\" content=\"admin\" \/>\n\t<meta name=\"twitter:label2\" content=\"Tiempo de lectura\" \/>\n\t<meta name=\"twitter:data2\" content=\"5 minutos\" \/>\n<script type=\"application\/ld+json\" class=\"yoast-schema-graph\">{\"@context\":\"https:\/\/schema.org\",\"@graph\":[{\"@type\":\"Article\",\"@id\":\"https:\/\/www.viverssalicru.cat\/es\/diari-de-girona-economia-si-tractes-la-terra-como-un-esser-viu-et-donara-molt\/#article\",\"isPartOf\":{\"@id\":\"https:\/\/www.viverssalicru.cat\/es\/diari-de-girona-economia-si-tractes-la-terra-como-un-esser-viu-et-donara-molt\/\"},\"author\":{\"name\":\"admin\",\"@id\":\"https:\/\/www.viverssalicru.cat\/es\/#\/schema\/person\/527f5e964793bb2ae026c9fcb0f6faa5\"},\"headline\":\"Diari de Girona &#8211; Economia &#8211; Si tractes la terra como un \u00e9sser viu et donara molt &#8230;\",\"datePublished\":\"2017-08-05T10:00:42+00:00\",\"dateModified\":\"2026-03-02T09:27:08+00:00\",\"mainEntityOfPage\":{\"@id\":\"https:\/\/www.viverssalicru.cat\/es\/diari-de-girona-economia-si-tractes-la-terra-como-un-esser-viu-et-donara-molt\/\"},\"wordCount\":985,\"publisher\":{\"@id\":\"https:\/\/www.viverssalicru.cat\/es\/#organization\"},\"image\":{\"@id\":\"https:\/\/www.viverssalicru.cat\/es\/diari-de-girona-economia-si-tractes-la-terra-como-un-esser-viu-et-donara-molt\/#primaryimage\"},\"thumbnailUrl\":\"https:\/\/www.viverssalicru.cat\/wp-content\/uploads\/2020\/01\/DiariGirona.jpg\",\"articleSection\":[\"Noticies generals\"],\"inLanguage\":\"es\"},{\"@type\":\"WebPage\",\"@id\":\"https:\/\/www.viverssalicru.cat\/es\/diari-de-girona-economia-si-tractes-la-terra-como-un-esser-viu-et-donara-molt\/\",\"url\":\"https:\/\/www.viverssalicru.cat\/es\/diari-de-girona-economia-si-tractes-la-terra-como-un-esser-viu-et-donara-molt\/\",\"name\":\"Diari de Girona - Economia - Si tractes la terra como un \u00e9sser viu et donara molt ... - Vivers Salicr\u00fa\",\"isPartOf\":{\"@id\":\"https:\/\/www.viverssalicru.cat\/es\/#website\"},\"primaryImageOfPage\":{\"@id\":\"https:\/\/www.viverssalicru.cat\/es\/diari-de-girona-economia-si-tractes-la-terra-como-un-esser-viu-et-donara-molt\/#primaryimage\"},\"image\":{\"@id\":\"https:\/\/www.viverssalicru.cat\/es\/diari-de-girona-economia-si-tractes-la-terra-como-un-esser-viu-et-donara-molt\/#primaryimage\"},\"thumbnailUrl\":\"https:\/\/www.viverssalicru.cat\/wp-content\/uploads\/2020\/01\/DiariGirona.jpg\",\"datePublished\":\"2017-08-05T10:00:42+00:00\",\"dateModified\":\"2026-03-02T09:27:08+00:00\",\"breadcrumb\":{\"@id\":\"https:\/\/www.viverssalicru.cat\/es\/diari-de-girona-economia-si-tractes-la-terra-como-un-esser-viu-et-donara-molt\/#breadcrumb\"},\"inLanguage\":\"es\",\"potentialAction\":[{\"@type\":\"ReadAction\",\"target\":[\"https:\/\/www.viverssalicru.cat\/es\/diari-de-girona-economia-si-tractes-la-terra-como-un-esser-viu-et-donara-molt\/\"]}]},{\"@type\":\"ImageObject\",\"inLanguage\":\"es\",\"@id\":\"https:\/\/www.viverssalicru.cat\/es\/diari-de-girona-economia-si-tractes-la-terra-como-un-esser-viu-et-donara-molt\/#primaryimage\",\"url\":\"https:\/\/www.viverssalicru.cat\/wp-content\/uploads\/2020\/01\/DiariGirona.jpg\",\"contentUrl\":\"https:\/\/www.viverssalicru.cat\/wp-content\/uploads\/2020\/01\/DiariGirona.jpg\",\"width\":297,\"height\":396},{\"@type\":\"BreadcrumbList\",\"@id\":\"https:\/\/www.viverssalicru.cat\/es\/diari-de-girona-economia-si-tractes-la-terra-como-un-esser-viu-et-donara-molt\/#breadcrumb\",\"itemListElement\":[{\"@type\":\"ListItem\",\"position\":1,\"name\":\"Portada\",\"item\":\"https:\/\/www.viverssalicru.cat\/es\/landscaper-home\/\"},{\"@type\":\"ListItem\",\"position\":2,\"name\":\"Diari de Girona &#8211; Economia &#8211; Si tractes la terra como un \u00e9sser viu et donara molt &#8230;\"}]},{\"@type\":\"WebSite\",\"@id\":\"https:\/\/www.viverssalicru.cat\/es\/#website\",\"url\":\"https:\/\/www.viverssalicru.cat\/es\/\",\"name\":\"Vivers Salicr\u00fa\",\"description\":\"Hort ecol\u00f2gic i biodin\u00e0mic\",\"publisher\":{\"@id\":\"https:\/\/www.viverssalicru.cat\/es\/#organization\"},\"potentialAction\":[{\"@type\":\"SearchAction\",\"target\":{\"@type\":\"EntryPoint\",\"urlTemplate\":\"https:\/\/www.viverssalicru.cat\/es\/?s={search_term_string}\"},\"query-input\":{\"@type\":\"PropertyValueSpecification\",\"valueRequired\":true,\"valueName\":\"search_term_string\"}}],\"inLanguage\":\"es\"},{\"@type\":\"Organization\",\"@id\":\"https:\/\/www.viverssalicru.cat\/es\/#organization\",\"name\":\"Vivers Salicr\u00fa\",\"url\":\"https:\/\/www.viverssalicru.cat\/es\/\",\"logo\":{\"@type\":\"ImageObject\",\"inLanguage\":\"es\",\"@id\":\"https:\/\/www.viverssalicru.cat\/es\/#\/schema\/logo\/image\/\",\"url\":\"https:\/\/www.viverssalicru.cat\/wp-content\/uploads\/2020\/02\/viverssalicru-logo-400x141-1.png\",\"contentUrl\":\"https:\/\/www.viverssalicru.cat\/wp-content\/uploads\/2020\/02\/viverssalicru-logo-400x141-1.png\",\"width\":400,\"height\":141,\"caption\":\"Vivers Salicr\u00fa\"},\"image\":{\"@id\":\"https:\/\/www.viverssalicru.cat\/es\/#\/schema\/logo\/image\/\"}},{\"@type\":\"Person\",\"@id\":\"https:\/\/www.viverssalicru.cat\/es\/#\/schema\/person\/527f5e964793bb2ae026c9fcb0f6faa5\",\"name\":\"admin\",\"image\":{\"@type\":\"ImageObject\",\"inLanguage\":\"es\",\"@id\":\"https:\/\/www.viverssalicru.cat\/es\/#\/schema\/person\/image\/\",\"url\":\"https:\/\/secure.gravatar.com\/avatar\/199378a53d8fd332facfa626e26765b3f6735a75e9c056e80bd62b6a88afc8ce?s=96&d=mm&r=g\",\"contentUrl\":\"https:\/\/secure.gravatar.com\/avatar\/199378a53d8fd332facfa626e26765b3f6735a75e9c056e80bd62b6a88afc8ce?s=96&d=mm&r=g\",\"caption\":\"admin\"}}]}<\/script>\n<!-- \/ Yoast SEO plugin. -->","yoast_head_json":{"title":"Diari de Girona - Economia - Si tractes la terra como un \u00e9sser viu et donara molt ... - Vivers Salicr\u00fa","robots":{"index":"index","follow":"follow","max-snippet":"max-snippet:-1","max-image-preview":"max-image-preview:large","max-video-preview":"max-video-preview:-1"},"canonical":"https:\/\/www.viverssalicru.cat\/es\/diari-de-girona-economia-si-tractes-la-terra-como-un-esser-viu-et-donara-molt\/","og_locale":"es_ES","og_type":"article","og_title":"Diari de Girona - Economia - Si tractes la terra como un \u00e9sser viu et donara molt ... - Vivers Salicr\u00fa","og_description":"[...]","og_url":"https:\/\/www.viverssalicru.cat\/es\/diari-de-girona-economia-si-tractes-la-terra-como-un-esser-viu-et-donara-molt\/","og_site_name":"Vivers Salicr\u00fa","article_published_time":"2017-08-05T10:00:42+00:00","article_modified_time":"2026-03-02T09:27:08+00:00","og_image":[{"width":297,"height":396,"url":"https:\/\/www.viverssalicru.cat\/wp-content\/uploads\/2020\/01\/DiariGirona.jpg","type":"image\/jpeg"}],"author":"admin","twitter_card":"summary_large_image","twitter_misc":{"Escrito por":"admin","Tiempo de lectura":"5 minutos"},"schema":{"@context":"https:\/\/schema.org","@graph":[{"@type":"Article","@id":"https:\/\/www.viverssalicru.cat\/es\/diari-de-girona-economia-si-tractes-la-terra-como-un-esser-viu-et-donara-molt\/#article","isPartOf":{"@id":"https:\/\/www.viverssalicru.cat\/es\/diari-de-girona-economia-si-tractes-la-terra-como-un-esser-viu-et-donara-molt\/"},"author":{"name":"admin","@id":"https:\/\/www.viverssalicru.cat\/es\/#\/schema\/person\/527f5e964793bb2ae026c9fcb0f6faa5"},"headline":"Diari de Girona &#8211; Economia &#8211; Si tractes la terra como un \u00e9sser viu et donara molt &#8230;","datePublished":"2017-08-05T10:00:42+00:00","dateModified":"2026-03-02T09:27:08+00:00","mainEntityOfPage":{"@id":"https:\/\/www.viverssalicru.cat\/es\/diari-de-girona-economia-si-tractes-la-terra-como-un-esser-viu-et-donara-molt\/"},"wordCount":985,"publisher":{"@id":"https:\/\/www.viverssalicru.cat\/es\/#organization"},"image":{"@id":"https:\/\/www.viverssalicru.cat\/es\/diari-de-girona-economia-si-tractes-la-terra-como-un-esser-viu-et-donara-molt\/#primaryimage"},"thumbnailUrl":"https:\/\/www.viverssalicru.cat\/wp-content\/uploads\/2020\/01\/DiariGirona.jpg","articleSection":["Noticies generals"],"inLanguage":"es"},{"@type":"WebPage","@id":"https:\/\/www.viverssalicru.cat\/es\/diari-de-girona-economia-si-tractes-la-terra-como-un-esser-viu-et-donara-molt\/","url":"https:\/\/www.viverssalicru.cat\/es\/diari-de-girona-economia-si-tractes-la-terra-como-un-esser-viu-et-donara-molt\/","name":"Diari de Girona - Economia - Si tractes la terra como un \u00e9sser viu et donara molt ... - Vivers Salicr\u00fa","isPartOf":{"@id":"https:\/\/www.viverssalicru.cat\/es\/#website"},"primaryImageOfPage":{"@id":"https:\/\/www.viverssalicru.cat\/es\/diari-de-girona-economia-si-tractes-la-terra-como-un-esser-viu-et-donara-molt\/#primaryimage"},"image":{"@id":"https:\/\/www.viverssalicru.cat\/es\/diari-de-girona-economia-si-tractes-la-terra-como-un-esser-viu-et-donara-molt\/#primaryimage"},"thumbnailUrl":"https:\/\/www.viverssalicru.cat\/wp-content\/uploads\/2020\/01\/DiariGirona.jpg","datePublished":"2017-08-05T10:00:42+00:00","dateModified":"2026-03-02T09:27:08+00:00","breadcrumb":{"@id":"https:\/\/www.viverssalicru.cat\/es\/diari-de-girona-economia-si-tractes-la-terra-como-un-esser-viu-et-donara-molt\/#breadcrumb"},"inLanguage":"es","potentialAction":[{"@type":"ReadAction","target":["https:\/\/www.viverssalicru.cat\/es\/diari-de-girona-economia-si-tractes-la-terra-como-un-esser-viu-et-donara-molt\/"]}]},{"@type":"ImageObject","inLanguage":"es","@id":"https:\/\/www.viverssalicru.cat\/es\/diari-de-girona-economia-si-tractes-la-terra-como-un-esser-viu-et-donara-molt\/#primaryimage","url":"https:\/\/www.viverssalicru.cat\/wp-content\/uploads\/2020\/01\/DiariGirona.jpg","contentUrl":"https:\/\/www.viverssalicru.cat\/wp-content\/uploads\/2020\/01\/DiariGirona.jpg","width":297,"height":396},{"@type":"BreadcrumbList","@id":"https:\/\/www.viverssalicru.cat\/es\/diari-de-girona-economia-si-tractes-la-terra-como-un-esser-viu-et-donara-molt\/#breadcrumb","itemListElement":[{"@type":"ListItem","position":1,"name":"Portada","item":"https:\/\/www.viverssalicru.cat\/es\/landscaper-home\/"},{"@type":"ListItem","position":2,"name":"Diari de Girona &#8211; Economia &#8211; Si tractes la terra como un \u00e9sser viu et donara molt &#8230;"}]},{"@type":"WebSite","@id":"https:\/\/www.viverssalicru.cat\/es\/#website","url":"https:\/\/www.viverssalicru.cat\/es\/","name":"Vivers Salicr\u00fa","description":"Hort ecol\u00f2gic i biodin\u00e0mic","publisher":{"@id":"https:\/\/www.viverssalicru.cat\/es\/#organization"},"potentialAction":[{"@type":"SearchAction","target":{"@type":"EntryPoint","urlTemplate":"https:\/\/www.viverssalicru.cat\/es\/?s={search_term_string}"},"query-input":{"@type":"PropertyValueSpecification","valueRequired":true,"valueName":"search_term_string"}}],"inLanguage":"es"},{"@type":"Organization","@id":"https:\/\/www.viverssalicru.cat\/es\/#organization","name":"Vivers Salicr\u00fa","url":"https:\/\/www.viverssalicru.cat\/es\/","logo":{"@type":"ImageObject","inLanguage":"es","@id":"https:\/\/www.viverssalicru.cat\/es\/#\/schema\/logo\/image\/","url":"https:\/\/www.viverssalicru.cat\/wp-content\/uploads\/2020\/02\/viverssalicru-logo-400x141-1.png","contentUrl":"https:\/\/www.viverssalicru.cat\/wp-content\/uploads\/2020\/02\/viverssalicru-logo-400x141-1.png","width":400,"height":141,"caption":"Vivers Salicr\u00fa"},"image":{"@id":"https:\/\/www.viverssalicru.cat\/es\/#\/schema\/logo\/image\/"}},{"@type":"Person","@id":"https:\/\/www.viverssalicru.cat\/es\/#\/schema\/person\/527f5e964793bb2ae026c9fcb0f6faa5","name":"admin","image":{"@type":"ImageObject","inLanguage":"es","@id":"https:\/\/www.viverssalicru.cat\/es\/#\/schema\/person\/image\/","url":"https:\/\/secure.gravatar.com\/avatar\/199378a53d8fd332facfa626e26765b3f6735a75e9c056e80bd62b6a88afc8ce?s=96&d=mm&r=g","contentUrl":"https:\/\/secure.gravatar.com\/avatar\/199378a53d8fd332facfa626e26765b3f6735a75e9c056e80bd62b6a88afc8ce?s=96&d=mm&r=g","caption":"admin"}}]}},"_links":{"self":[{"href":"https:\/\/www.viverssalicru.cat\/es\/wp-json\/wp\/v2\/posts\/58","targetHints":{"allow":["GET"]}}],"collection":[{"href":"https:\/\/www.viverssalicru.cat\/es\/wp-json\/wp\/v2\/posts"}],"about":[{"href":"https:\/\/www.viverssalicru.cat\/es\/wp-json\/wp\/v2\/types\/post"}],"author":[{"embeddable":true,"href":"https:\/\/www.viverssalicru.cat\/es\/wp-json\/wp\/v2\/users\/1"}],"replies":[{"embeddable":true,"href":"https:\/\/www.viverssalicru.cat\/es\/wp-json\/wp\/v2\/comments?post=58"}],"version-history":[{"count":0,"href":"https:\/\/www.viverssalicru.cat\/es\/wp-json\/wp\/v2\/posts\/58\/revisions"}],"wp:featuredmedia":[{"embeddable":true,"href":"https:\/\/www.viverssalicru.cat\/es\/wp-json\/wp\/v2\/media\/59"}],"wp:attachment":[{"href":"https:\/\/www.viverssalicru.cat\/es\/wp-json\/wp\/v2\/media?parent=58"}],"wp:term":[{"taxonomy":"category","embeddable":true,"href":"https:\/\/www.viverssalicru.cat\/es\/wp-json\/wp\/v2\/categories?post=58"},{"taxonomy":"post_tag","embeddable":true,"href":"https:\/\/www.viverssalicru.cat\/es\/wp-json\/wp\/v2\/tags?post=58"}],"curies":[{"name":"wp","href":"https:\/\/api.w.org\/{rel}","templated":true}]}}